{"id":232591,"date":"2024-06-28T18:56:01","date_gmt":"2024-06-28T16:56:01","guid":{"rendered":"https:\/\/gremidelmotor.com\/la-media-de-antiguedad-del-parque-movil-ya-supera-por-primera-vez-los-14-anos\/"},"modified":"2024-06-28T18:56:01","modified_gmt":"2024-06-28T16:56:01","slug":"la-media-de-antiguedad-del-parque-movil-ya-supera-por-primera-vez-los-14-anos","status":"publish","type":"post","link":"https:\/\/gremidelmotor.com\/es\/la-media-de-antiguedad-del-parque-movil-ya-supera-por-primera-vez-los-14-anos\/","title":{"rendered":"La media de antig\u00fcedad del parque m\u00f3vil ya supera, por primera vez, los 14 a\u00f1os"},"content":{"rendered":"","protected":false},"excerpt":{"rendered":"","protected":false},"author":1,"featured_media":217746,"comment_status":"closed","ping_status":"closed","sticky":false,"template":"","format":"standard","meta":{"_acf_changed":false,"footnotes":""},"categories":[6202],"tags":[],"class_list":["post-232591","post","type-post","status-publish","format-standard","has-post-thumbnail","hentry","category-la-mirada-de-es","generate-columns","tablet-grid-50","mobile-grid-100","grid-parent","grid-33"],"acf":[],"_links":{"self":[{"href":"https:\/\/gremidelmotor.com\/es\/wp-json\/wp\/v2\/posts\/232591","targetHints":{"allow":["GET"]}}],"collection":[{"href":"https:\/\/gremidelmotor.com\/es\/wp-json\/wp\/v2\/posts"}],"about":[{"href":"https:\/\/gremidelmotor.com\/es\/wp-json\/wp\/v2\/types\/post"}],"author":[{"embeddable":true,"href":"https:\/\/gremidelmotor.com\/es\/wp-json\/wp\/v2\/users\/1"}],"replies":[{"embeddable":true,"href":"https:\/\/gremidelmotor.com\/es\/wp-json\/wp\/v2\/comments?post=232591"}],"version-history":[{"count":0,"href":"https:\/\/gremidelmotor.com\/es\/wp-json\/wp\/v2\/posts\/232591\/revisions"}],"wp:featuredmedia":[{"embeddable":true,"href":"https:\/\/gremidelmotor.com\/es\/wp-json\/wp\/v2\/media\/217746"}],"wp:attachment":[{"href":"https:\/\/gremidelmotor.com\/es\/wp-json\/wp\/v2\/media?parent=232591"}],"wp:term":[{"taxonomy":"category","embeddable":true,"href":"https:\/\/gremidelmotor.com\/es\/wp-json\/wp\/v2\/categories?post=232591"},{"taxonomy":"post_tag","embeddable":true,"href":"https:\/\/gremidelmotor.com\/es\/wp-json\/wp\/v2\/tags?post=232591"}],"curies":[{"name":"wp","href":"https:\/\/api.w.org\/{rel}","templated":true}]}}